{"id":21870,"date":"2024-05-09T12:36:02","date_gmt":"2024-05-09T10:36:02","guid":{"rendered":"https:\/\/www.grupomalasa.com\/?p=21870"},"modified":"2025-09-15T11:23:13","modified_gmt":"2025-09-15T09:23:13","slug":"grupo-malasa-collaborates-with-the-degen-foundation","status":"publish","type":"post","link":"https:\/\/www.grupomalasa.com\/en\/grupo-malasa-collaborates-with-the-degen-foundation\/","title":{"rendered":"GRUPO MALASA COLLABORATES WITH THE DEG\u00c9N FOUNDATION"},"content":{"rendered":"<p>One of our fundamental pillars is social commitment, either through our own initiatives or through support for other entities.<\/p>\n<p>Last Friday, April 14, a representative of our company participated in the Fundaci\u00f3n Deg\u00e9n gala that was held at Finca Monstequeiro. For Malasa Group it is important to support and collaborate initiatives like this.<\/p>\n<p>Read about the gala <a href=\"https:\/\/www.elespanol.com\/quincemil\/articulos\/vivir\/la-fundacion-degen-celebra-su-gala-anual-en-oleiros-a-coruna-con-gran-representacion-de-la-sociedad-gallega\">here<\/a><\/p>\n","protected":false},"excerpt":{"rendered":"<p>RESIDENTIAL PROMOTION OF GRUPO MALASA IN ALMU\u00d1\u00c9CAR, HAND BY HAND WITH OUR CONSTRUCTION COMPANY NOA\u00b7AD<\/p>\n","protected":false},"author":5,"featured_media":29932,"comment_status":"closed","ping_status":"open","sticky":false,"template":"","format":"standard","meta":{"inline_featured_image":false,"neve_meta_sidebar":"","neve_meta_container":"","neve_meta_enable_content_width":"off","neve_meta_content_width":70,"neve_meta_title_alignment":"","neve_meta_author_avatar":"","neve_post_elements_order":"","neve_meta_disable_header":"","neve_meta_disable_footer":"","neve_meta_disable_title":"","neve_meta_reading_time":"","footnotes":""},"categories":[32],"tags":[],"class_list":["post-21870","post","type-post","status-publish","format-standard","has-post-thumbnail","hentry","category-news"],"yoast_head":"<!-- This site is optimized with the Yoast SEO plugin v27.4 - https:\/\/yoast.com\/product\/yoast-seo-wordpress\/ -->\n<title>GRUPO MALASA COLLABORATES WITH THE DEG\u00c9N FOUNDATION<\/title>\n<meta name=\"description\" content=\"One of our fundamental pillars is social commitment, either through our own initiatives or through support for other entities.\" \/>\n<meta name=\"robots\" content=\"index, follow, max-snippet:-1, max-image-preview:large, max-video-preview:-1\" \/>\n<link rel=\"canonical\" href=\"https:\/\/www.grupomalasa.com\/en\/grupo-malasa-collaborates-with-the-degen-foundation\/\" \/>\n<meta property=\"og:locale\" content=\"en_US\" \/>\n<meta property=\"og:type\" content=\"article\" \/>\n<meta property=\"og:title\" content=\"GRUPO MALASA COLLABORATES WITH THE DEG\u00c9N FOUNDATION\" \/>\n<meta property=\"og:description\" content=\"One of our fundamental pillars is social commitment, either through our own initiatives or through support for other entities.\" \/>\n<meta property=\"og:url\" content=\"https:\/\/www.grupomalasa.com\/en\/grupo-malasa-collaborates-with-the-degen-foundation\/\" \/>\n<meta property=\"og:site_name\" content=\"Malasa\" \/>\n<meta property=\"article:published_time\" content=\"2024-05-09T10:36:02+00:00\" \/>\n<meta property=\"article:modified_time\" content=\"2025-09-15T09:23:13+00:00\" \/>\n<meta property=\"og:image\" content=\"https:\/\/www.grupomalasa.com\/wp-content\/uploads\/2024\/05\/gracias-gala-fundacion-degen-06-2048x2048-1.jpg\" \/>\n\t<meta property=\"og:image:width\" content=\"665\" \/>\n\t<meta property=\"og:image:height\" content=\"665\" \/>\n\t<meta property=\"og:image:type\" content=\"image\/jpeg\" \/>\n<meta name=\"author\" content=\"Grupo Malasa\" \/>\n<meta name=\"twitter:card\" content=\"summary_large_image\" \/>\n<script type=\"application\/ld+json\" class=\"yoast-schema-graph\">{\"@context\":\"https:\\\/\\\/schema.org\",\"@graph\":[{\"@type\":\"Article\",\"@id\":\"https:\\\/\\\/www.grupomalasa.com\\\/en\\\/grupo-malasa-collaborates-with-the-degen-foundation\\\/#article\",\"isPartOf\":{\"@id\":\"https:\\\/\\\/www.grupomalasa.com\\\/en\\\/grupo-malasa-collaborates-with-the-degen-foundation\\\/\"},\"author\":{\"@id\":\"https:\\\/\\\/www.grupomalasa.com\\\/#organization\"},\"headline\":\"GRUPO MALASA COLLABORATES WITH THE DEG\u00c9N FOUNDATION\",\"datePublished\":\"2024-05-09T10:36:02+00:00\",\"dateModified\":\"2025-09-15T09:23:13+00:00\",\"mainEntityOfPage\":{\"@id\":\"https:\\\/\\\/www.grupomalasa.com\\\/en\\\/grupo-malasa-collaborates-with-the-degen-foundation\\\/\"},\"wordCount\":67,\"publisher\":{\"@id\":\"https:\\\/\\\/www.grupomalasa.com\\\/en\\\/#organization\"},\"image\":{\"@id\":\"https:\\\/\\\/www.grupomalasa.com\\\/en\\\/grupo-malasa-collaborates-with-the-degen-foundation\\\/#primaryimage\"},\"thumbnailUrl\":\"https:\\\/\\\/www.grupomalasa.com\\\/wp-content\\\/uploads\\\/2024\\\/05\\\/gracias-gala-fundacion-degen-06-2048x2048-1.jpg\",\"articleSection\":[\"Grupo Malasa\"],\"inLanguage\":\"en-US\"},{\"@type\":\"WebPage\",\"@id\":\"https:\\\/\\\/www.grupomalasa.com\\\/en\\\/grupo-malasa-collaborates-with-the-degen-foundation\\\/\",\"url\":\"https:\\\/\\\/www.grupomalasa.com\\\/en\\\/grupo-malasa-collaborates-with-the-degen-foundation\\\/\",\"name\":\"GRUPO MALASA COLLABORATES WITH THE DEG\u00c9N FOUNDATION\",\"isPartOf\":{\"@id\":\"https:\\\/\\\/www.grupomalasa.com\\\/en\\\/#website\"},\"primaryImageOfPage\":{\"@id\":\"https:\\\/\\\/www.grupomalasa.com\\\/en\\\/grupo-malasa-collaborates-with-the-degen-foundation\\\/#primaryimage\"},\"image\":{\"@id\":\"https:\\\/\\\/www.grupomalasa.com\\\/en\\\/grupo-malasa-collaborates-with-the-degen-foundation\\\/#primaryimage\"},\"thumbnailUrl\":\"https:\\\/\\\/www.grupomalasa.com\\\/wp-content\\\/uploads\\\/2024\\\/05\\\/gracias-gala-fundacion-degen-06-2048x2048-1.jpg\",\"datePublished\":\"2024-05-09T10:36:02+00:00\",\"dateModified\":\"2025-09-15T09:23:13+00:00\",\"description\":\"One of our fundamental pillars is social commitment, either through our own initiatives or through support for other entities.\",\"breadcrumb\":{\"@id\":\"https:\\\/\\\/www.grupomalasa.com\\\/en\\\/grupo-malasa-collaborates-with-the-degen-foundation\\\/#breadcrumb\"},\"inLanguage\":\"en-US\",\"potentialAction\":[{\"@type\":\"ReadAction\",\"target\":[\"https:\\\/\\\/www.grupomalasa.com\\\/en\\\/grupo-malasa-collaborates-with-the-degen-foundation\\\/\"]}]},{\"@type\":\"ImageObject\",\"inLanguage\":\"en-US\",\"@id\":\"https:\\\/\\\/www.grupomalasa.com\\\/en\\\/grupo-malasa-collaborates-with-the-degen-foundation\\\/#primaryimage\",\"url\":\"https:\\\/\\\/www.grupomalasa.com\\\/wp-content\\\/uploads\\\/2024\\\/05\\\/gracias-gala-fundacion-degen-06-2048x2048-1.jpg\",\"contentUrl\":\"https:\\\/\\\/www.grupomalasa.com\\\/wp-content\\\/uploads\\\/2024\\\/05\\\/gracias-gala-fundacion-degen-06-2048x2048-1.jpg\",\"width\":665,\"height\":665,\"caption\":\"Recepci\u00f3n al aire libre con numerosos invitados de gala conversando junto a barras de servicio en jard\u00edn con \u00e1rboles.\"},{\"@type\":\"BreadcrumbList\",\"@id\":\"https:\\\/\\\/www.grupomalasa.com\\\/en\\\/grupo-malasa-collaborates-with-the-degen-foundation\\\/#breadcrumb\",\"itemListElement\":[{\"@type\":\"ListItem\",\"position\":1,\"name\":\"Inicio\",\"item\":\"https:\\\/\\\/www.grupomalasa.com\\\/en\\\/\"},{\"@type\":\"ListItem\",\"position\":2,\"name\":\"Grupo Malasa\",\"item\":\"https:\\\/\\\/www.grupomalasa.com\\\/en\\\/category\\\/news\\\/\"},{\"@type\":\"ListItem\",\"position\":3,\"name\":\"GRUPO MALASA COLLABORATES WITH THE DEG\u00c9N FOUNDATION\"}]},{\"@type\":\"WebSite\",\"@id\":\"https:\\\/\\\/www.grupomalasa.com\\\/en\\\/#website\",\"url\":\"https:\\\/\\\/www.grupomalasa.com\\\/en\\\/\",\"name\":\"Malasa\",\"description\":\"Grupo\",\"publisher\":{\"@id\":\"https:\\\/\\\/www.grupomalasa.com\\\/en\\\/#organization\"},\"alternateName\":\"Grupo Malasa\",\"potentialAction\":[{\"@type\":\"SearchAction\",\"target\":{\"@type\":\"EntryPoint\",\"urlTemplate\":\"https:\\\/\\\/www.grupomalasa.com\\\/en\\\/?s={search_term_string}\"},\"query-input\":{\"@type\":\"PropertyValueSpecification\",\"valueRequired\":true,\"valueName\":\"search_term_string\"}}],\"inLanguage\":\"en-US\"},{\"@type\":\"Organization\",\"@id\":\"https:\\\/\\\/www.grupomalasa.com\\\/en\\\/#organization\",\"name\":\"Malasa\",\"alternateName\":\"Grupo Malasa\",\"url\":\"https:\\\/\\\/www.grupomalasa.com\\\/en\\\/\",\"logo\":{\"@type\":\"ImageObject\",\"inLanguage\":\"en-US\",\"@id\":\"https:\\\/\\\/www.grupomalasa.com\\\/en\\\/#\\\/schema\\\/logo\\\/image\\\/\",\"url\":\"https:\\\/\\\/www.grupomalasa.com\\\/wp-content\\\/uploads\\\/2023\\\/05\\\/grupomalasa.png\",\"contentUrl\":\"https:\\\/\\\/www.grupomalasa.com\\\/wp-content\\\/uploads\\\/2023\\\/05\\\/grupomalasa.png\",\"width\":48,\"height\":48,\"caption\":\"Malasa\"},\"image\":{\"@id\":\"https:\\\/\\\/www.grupomalasa.com\\\/en\\\/#\\\/schema\\\/logo\\\/image\\\/\"}}]}<\/script>\n<!-- \/ Yoast SEO plugin. -->","yoast_head_json":{"title":"GRUPO MALASA COLLABORATES WITH THE DEG\u00c9N FOUNDATION","description":"One of our fundamental pillars is social commitment, either through our own initiatives or through support for other entities.","robots":{"index":"index","follow":"follow","max-snippet":"max-snippet:-1","max-image-preview":"max-image-preview:large","max-video-preview":"max-video-preview:-1"},"canonical":"https:\/\/www.grupomalasa.com\/en\/grupo-malasa-collaborates-with-the-degen-foundation\/","og_locale":"en_US","og_type":"article","og_title":"GRUPO MALASA COLLABORATES WITH THE DEG\u00c9N FOUNDATION","og_description":"One of our fundamental pillars is social commitment, either through our own initiatives or through support for other entities.","og_url":"https:\/\/www.grupomalasa.com\/en\/grupo-malasa-collaborates-with-the-degen-foundation\/","og_site_name":"Malasa","article_published_time":"2024-05-09T10:36:02+00:00","article_modified_time":"2025-09-15T09:23:13+00:00","og_image":[{"width":665,"height":665,"url":"https:\/\/www.grupomalasa.com\/wp-content\/uploads\/2024\/05\/gracias-gala-fundacion-degen-06-2048x2048-1.jpg","type":"image\/jpeg"}],"author":"Grupo Malasa","twitter_card":"summary_large_image","schema":{"@context":"https:\/\/schema.org","@graph":[{"@type":"Article","@id":"https:\/\/www.grupomalasa.com\/en\/grupo-malasa-collaborates-with-the-degen-foundation\/#article","isPartOf":{"@id":"https:\/\/www.grupomalasa.com\/en\/grupo-malasa-collaborates-with-the-degen-foundation\/"},"author":{"@id":"https:\/\/www.grupomalasa.com\/#organization"},"headline":"GRUPO MALASA COLLABORATES WITH THE DEG\u00c9N FOUNDATION","datePublished":"2024-05-09T10:36:02+00:00","dateModified":"2025-09-15T09:23:13+00:00","mainEntityOfPage":{"@id":"https:\/\/www.grupomalasa.com\/en\/grupo-malasa-collaborates-with-the-degen-foundation\/"},"wordCount":67,"publisher":{"@id":"https:\/\/www.grupomalasa.com\/en\/#organization"},"image":{"@id":"https:\/\/www.grupomalasa.com\/en\/grupo-malasa-collaborates-with-the-degen-foundation\/#primaryimage"},"thumbnailUrl":"https:\/\/www.grupomalasa.com\/wp-content\/uploads\/2024\/05\/gracias-gala-fundacion-degen-06-2048x2048-1.jpg","articleSection":["Grupo Malasa"],"inLanguage":"en-US"},{"@type":"WebPage","@id":"https:\/\/www.grupomalasa.com\/en\/grupo-malasa-collaborates-with-the-degen-foundation\/","url":"https:\/\/www.grupomalasa.com\/en\/grupo-malasa-collaborates-with-the-degen-foundation\/","name":"GRUPO MALASA COLLABORATES WITH THE DEG\u00c9N FOUNDATION","isPartOf":{"@id":"https:\/\/www.grupomalasa.com\/en\/#website"},"primaryImageOfPage":{"@id":"https:\/\/www.grupomalasa.com\/en\/grupo-malasa-collaborates-with-the-degen-foundation\/#primaryimage"},"image":{"@id":"https:\/\/www.grupomalasa.com\/en\/grupo-malasa-collaborates-with-the-degen-foundation\/#primaryimage"},"thumbnailUrl":"https:\/\/www.grupomalasa.com\/wp-content\/uploads\/2024\/05\/gracias-gala-fundacion-degen-06-2048x2048-1.jpg","datePublished":"2024-05-09T10:36:02+00:00","dateModified":"2025-09-15T09:23:13+00:00","description":"One of our fundamental pillars is social commitment, either through our own initiatives or through support for other entities.","breadcrumb":{"@id":"https:\/\/www.grupomalasa.com\/en\/grupo-malasa-collaborates-with-the-degen-foundation\/#breadcrumb"},"inLanguage":"en-US","potentialAction":[{"@type":"ReadAction","target":["https:\/\/www.grupomalasa.com\/en\/grupo-malasa-collaborates-with-the-degen-foundation\/"]}]},{"@type":"ImageObject","inLanguage":"en-US","@id":"https:\/\/www.grupomalasa.com\/en\/grupo-malasa-collaborates-with-the-degen-foundation\/#primaryimage","url":"https:\/\/www.grupomalasa.com\/wp-content\/uploads\/2024\/05\/gracias-gala-fundacion-degen-06-2048x2048-1.jpg","contentUrl":"https:\/\/www.grupomalasa.com\/wp-content\/uploads\/2024\/05\/gracias-gala-fundacion-degen-06-2048x2048-1.jpg","width":665,"height":665,"caption":"Recepci\u00f3n al aire libre con numerosos invitados de gala conversando junto a barras de servicio en jard\u00edn con \u00e1rboles."},{"@type":"BreadcrumbList","@id":"https:\/\/www.grupomalasa.com\/en\/grupo-malasa-collaborates-with-the-degen-foundation\/#breadcrumb","itemListElement":[{"@type":"ListItem","position":1,"name":"Inicio","item":"https:\/\/www.grupomalasa.com\/en\/"},{"@type":"ListItem","position":2,"name":"Grupo Malasa","item":"https:\/\/www.grupomalasa.com\/en\/category\/news\/"},{"@type":"ListItem","position":3,"name":"GRUPO MALASA COLLABORATES WITH THE DEG\u00c9N FOUNDATION"}]},{"@type":"WebSite","@id":"https:\/\/www.grupomalasa.com\/en\/#website","url":"https:\/\/www.grupomalasa.com\/en\/","name":"Malasa","description":"Grupo","publisher":{"@id":"https:\/\/www.grupomalasa.com\/en\/#organization"},"alternateName":"Grupo Malasa","potentialAction":[{"@type":"SearchAction","target":{"@type":"EntryPoint","urlTemplate":"https:\/\/www.grupomalasa.com\/en\/?s={search_term_string}"},"query-input":{"@type":"PropertyValueSpecification","valueRequired":true,"valueName":"search_term_string"}}],"inLanguage":"en-US"},{"@type":"Organization","@id":"https:\/\/www.grupomalasa.com\/en\/#organization","name":"Malasa","alternateName":"Grupo Malasa","url":"https:\/\/www.grupomalasa.com\/en\/","logo":{"@type":"ImageObject","inLanguage":"en-US","@id":"https:\/\/www.grupomalasa.com\/en\/#\/schema\/logo\/image\/","url":"https:\/\/www.grupomalasa.com\/wp-content\/uploads\/2023\/05\/grupomalasa.png","contentUrl":"https:\/\/www.grupomalasa.com\/wp-content\/uploads\/2023\/05\/grupomalasa.png","width":48,"height":48,"caption":"Malasa"},"image":{"@id":"https:\/\/www.grupomalasa.com\/en\/#\/schema\/logo\/image\/"}}]}},"_links":{"self":[{"href":"https:\/\/www.grupomalasa.com\/en\/wp-json\/wp\/v2\/posts\/21870","targetHints":{"allow":["GET"]}}],"collection":[{"href":"https:\/\/www.grupomalasa.com\/en\/wp-json\/wp\/v2\/posts"}],"about":[{"href":"https:\/\/www.grupomalasa.com\/en\/wp-json\/wp\/v2\/types\/post"}],"author":[{"embeddable":true,"href":"https:\/\/www.grupomalasa.com\/en\/wp-json\/wp\/v2\/users\/5"}],"replies":[{"embeddable":true,"href":"https:\/\/www.grupomalasa.com\/en\/wp-json\/wp\/v2\/comments?post=21870"}],"version-history":[{"count":1,"href":"https:\/\/www.grupomalasa.com\/en\/wp-json\/wp\/v2\/posts\/21870\/revisions"}],"predecessor-version":[{"id":21877,"href":"https:\/\/www.grupomalasa.com\/en\/wp-json\/wp\/v2\/posts\/21870\/revisions\/21877"}],"wp:featuredmedia":[{"embeddable":true,"href":"https:\/\/www.grupomalasa.com\/en\/wp-json\/wp\/v2\/media\/29932"}],"wp:attachment":[{"href":"https:\/\/www.grupomalasa.com\/en\/wp-json\/wp\/v2\/media?parent=21870"}],"wp:term":[{"taxonomy":"category","embeddable":true,"href":"https:\/\/www.grupomalasa.com\/en\/wp-json\/wp\/v2\/categories?post=21870"},{"taxonomy":"post_tag","embeddable":true,"href":"https:\/\/www.grupomalasa.com\/en\/wp-json\/wp\/v2\/tags?post=21870"}],"curies":[{"name":"wp","href":"https:\/\/api.w.org\/{rel}","templated":true}]}}